{"id":3875,"date":"2021-08-03T15:14:00","date_gmt":"2021-08-03T13:14:00","guid":{"rendered":"http:\/\/aurera.fr\/?p=3875"},"modified":"2021-07-13T17:18:51","modified_gmt":"2021-07-13T15:18:51","slug":"mon-experience-projet-la-methode-in-place-upgrade","status":"publish","type":"post","link":"https:\/\/aurera.fr\/index.php\/2021\/08\/03\/mon-experience-projet-la-methode-in-place-upgrade\/","title":{"rendered":"Mon exp\u00e9rience projet : la m\u00e9thode In-Place Upgrade"},"content":{"rendered":"\n<p class=\"has-text-color\" style=\"color:#0a2472\"><strong>Bonjour Guillaume !&nbsp;Peux-tu te pr\u00e9senter\u202f?&nbsp;<\/strong>&nbsp;<\/p>\n\n\n\n<p>Bonjour. Je me pr\u00e9nomme Guillaume, je travaille chez\u00a0Aurera\u00a0depuis un peu plus d\u2019un an.\u00a0J\u2019interviens\u00a0actuellement en tant que consultant\u00a0pour Malakoff Humanis, une entreprise de gestion des retraites, \u00e9pargnes et compl\u00e9mentaires sant\u00e9.\u00a0J\u2019interviens principalement sur le domaine des poste de travail\u00a0Windows 10. J\u2019interviens\u00a0sur les mises \u00e0 jour de\u00a0Windows 7 \u00e0 Windows 10, ainsi que sur la m\u00e9thode\u00a0<em>In-place\u00a0Upgrade<\/em>,\u00a0qui consiste \u00e0 mettre \u00e0 jour un poste de travail \u00e0 distance.\u00a0\u00a0<\/p>\n\n\n\n<p class=\"has-text-color\" style=\"color:#0a2472\"><strong>Quel est le dernier&nbsp;projet auquel tu as particip\u00e9\u202f?<\/strong>&nbsp;<\/p>\n\n\n\n<p>Le dernier projet auquel j\u2019ai particip\u00e9 a \u00e9t\u00e9 de mettre en place des \u00e9crans de pr\u00e9sentation\u00a0pour la vente \u00e0 distance. Ce sont des \u00e9crans accroch\u00e9s aux murs permettant\u00a0de superviser les \u00e9quipes et les projets. Il suffit aux collaborateurs de l\u2019allumer pour afficher des points de situation et des rappels automatis\u00e9s. J&rsquo;interviens sur les op\u00e9rations de mise en \u0153uvre, installation, mont\u00e9e et transfert de comp\u00e9tences, ainsi que sur la r\u00e9daction de documents de suivi et la production de\u00a0documentation.\u00a0<\/p>\n\n\n\n<p class=\"has-text-color\" style=\"color:#0a2472\"><strong>Pour revenir sur\u00a0Windows 10\u00a0et la\u00a0m\u00e9thode que tu as \u00e9voqu\u00e9\u00a0au d\u00e9but de\u00a0l\u2019interview, quelles\u00a0sont les\u00a0technologies et savoirs-faire dont tu as eu besoin pour r\u00e9aliser\u00a0projet\u202f?<\/strong>\u00a0<\/p>\n\n\n\n<p>En termes de comp\u00e9tence, il\u00a0faut conna\u00eetre ce que l\u2019on met \u00e0 jour\u00a0depuis Windows\u00a010, \u00e7a va donc \u00eatre les technologies du syst\u00e8me d\u2019exploitation.\u00a0Ensuite, pour la mise en place de s\u00e9quences de t\u00e2ches\u00a0en plusieurs \u00e9tapes, nous utilisons un outil qui s&rsquo;appelle : SCCM. Il\u00a0est\u00a0n\u00e9cessaire pour l&rsquo;utiliser d\u2019avoir des connaissances sur les strat\u00e9gies de groupes, la gestion d&rsquo;annuaires etc.\u00a0\u00a0<\/p>\n\n\n\n<p class=\"has-text-color\" style=\"color:#0a2472\"><strong>Tu \u00e9tais seul pour la r\u00e9alisation de ce projet\u202f?<\/strong>&nbsp;<\/p>\n\n\n\n<p>Oui, j\u2019\u00e9tais\u00a0le seul\u00a0dans la partie technique, m\u00eame si j\u2019\u00e9tais bien-s\u00fbr accompagn\u00e9 par une \u00e9quipe sur place compos\u00e9e d&rsquo;un expert,\u00a0un chef\u00a0de projet ainsi qu&rsquo;un technicien support niveau 2.\u00a0<\/p>\n\n\n\n<p class=\"has-text-color\" style=\"color:#0a2472\"><strong>Qu\u2019est-ce que cette mission a apport\u00e9 au client\u202f?<\/strong>&nbsp;<\/p>\n\n\n\n<p>Tout d\u2019abord,\u00a0sa mise en place\u00a0dans le contexte du COVID n\u2019\u00e9tait\u00a0pas forc\u00e9ment pr\u00e9vue car\u00a0le COVID,\u00a0on n\u2019en parlait pas\u00a0vraiment au d\u00e9but.\u00a0Il est tout de m\u00eame\u00a0vrai,\u00a0que la multiplication du t\u00e9l\u00e9travail\u00a0dans ce contexte\u00a0a\u00a0fait qu\u2019il fallait trouver une m\u00e9thode permettant de mettre \u00e0 jour les\u00a0diff\u00e9rents postes,\u00a0afin de\u00a0permettre\u00a0\u00e0 chaque\u00a0personne concern\u00e9e\u00a0par le t\u00e9l\u00e9travail\u00a0de mettre \u00e0 jour son pose\u00a0depuis chez elle, sans avoir \u00e0 se d\u00e9placer sur site. Finalement, \u00e7a fait gagner du temps, les gens sont assez autonomes \u00e0 ce niveau.\u00a0<\/p>\n\n\n\n<p>La mise en place de ce projet n&rsquo;\u00e9tait pas pr\u00e9vue initialement, elle a \u00e9t\u00e9 pouss\u00e9e par l&rsquo;arriv\u00e9e du COVID et les besoins croissants li\u00e9s au t\u00e9l\u00e9travail. Elle a permit de mettre \u00e0 jour les postes de travail des diff\u00e9rents collaborateurs sans que ceux-ci aient besoin de se d\u00e9placer. Elle repr\u00e9sente un gain de temps et une autonomie accrue, que ce soit au niveau des intervenants ou des personnes qui profitent de ses services au quotidien.<\/p>\n\n\n\n<p class=\"has-text-color\" style=\"color:#0a2472\"><strong>Qu\u2019est que cela t\u2019a apport\u00e9\u202f?<\/strong>&nbsp;<\/p>\n\n\n\n<p>Ce projet m\u2019a permis d\u2019apprendre \u00e0 d\u00e9ployer des mises \u00e0 jour simultan\u00e9es sur plusieurs postes. J\u2019ai beaucoup appris techniquement et humainement,\u00a0car j\u2019ai \u00e9t\u00e9 encadr\u00e9 par un chef de projet tr\u00e8s comp\u00e9tente et\u00a0j\u2019ai pu travailler\u00a0dans une \u00e9quipe dynamique.\u00a0C&rsquo;est plaisant pour moi de travailler dans un contexte o\u00f9 de nombreuses technologies se c\u00f4toient. Lorsque je me\u00a0l\u00e8ve le\u00a0matin,\u00a0je sais\u00a0ce que j\u2019ai \u00e0 faire mais il y a toujours\u00a0des nouveaut\u00e9s,\u00a0et je peux utiliser la m\u00eame technologie plusieurs fois,\u00a0ce ne sera jamais\u00a0de la m\u00eame mani\u00e8re.\u00a0Ce n&rsquo;est pas un travail r\u00e9p\u00e9titif et c&rsquo;est ce que j&rsquo;appr\u00e9cie grandement.<\/p>\n\n\n\n<p class=\"has-text-color\" style=\"color:#0a2472\"><strong>Merci Guillaume pour tes r\u00e9ponses !<\/strong>&nbsp;<\/p>\n\n\n\n<p class=\"has-text-align-right has-text-color\" style=\"color:#0a2472\"><strong><em>Guillaume B. &#8211; Consultant Modern Workplace &#8211; Paris<\/em><\/strong><\/p>\n","protected":false},"excerpt":{"rendered":"<p>Guillaume, Consultant Modern Workplace, nous partage son exp\u00e9rience de projet avec la m\u00e9thode In-Place Upgrade.<\/p>\n","protected":false},"author":9,"featured_media":3894,"comment_status":"closed","ping_status":"closed","sticky":false,"template":"","format":"standard","meta":[],"categories":[139],"tags":[144],"yoast_head":"<!-- This site is optimized with the Yoast SEO plugin v21.1 - https:\/\/yoast.com\/wordpress\/plugins\/seo\/ -->\n<title>Mon exp\u00e9rience projet : la m\u00e9thode In-Place Upgrade - Aurera<\/title>\n<meta name=\"description\" content=\"Guillaume, Consultant Modern Workplace nous partage son exp\u00e9rience de projet avec la m\u00e9thode In-Place Upgrade.\" \/>\n<meta name=\"robots\" content=\"index, follow, max-snippet:-1, max-image-preview:large, max-video-preview:-1\" \/>\n<link rel=\"canonical\" href=\"https:\/\/aurera.fr\/index.php\/2021\/08\/03\/mon-experience-projet-la-methode-in-place-upgrade\/\" \/>\n<meta property=\"og:locale\" content=\"fr_FR\" \/>\n<meta property=\"og:type\" content=\"article\" \/>\n<meta property=\"og:title\" content=\"Mon exp\u00e9rience projet : la m\u00e9thode In-Place Upgrade - Aurera\" \/>\n<meta property=\"og:description\" content=\"Guillaume, Consultant Modern Workplace nous partage son exp\u00e9rience de projet avec la m\u00e9thode In-Place Upgrade.\" \/>\n<meta property=\"og:url\" content=\"https:\/\/aurera.fr\/index.php\/2021\/08\/03\/mon-experience-projet-la-methode-in-place-upgrade\/\" \/>\n<meta property=\"og:site_name\" content=\"Aurera\" \/>\n<meta property=\"article:published_time\" content=\"2021-08-03T13:14:00+00:00\" \/>\n<meta property=\"article:modified_time\" content=\"2021-07-13T15:18:51+00:00\" \/>\n<meta property=\"og:image\" content=\"https:\/\/aurera.fr\/wp-content\/uploads\/2021\/07\/21-08-03-Mon-experience-projet-la-methode-In-Place-Upgrade-1024x683.png\" \/>\n\t<meta property=\"og:image:width\" content=\"1024\" \/>\n\t<meta property=\"og:image:height\" content=\"683\" \/>\n\t<meta property=\"og:image:type\" content=\"image\/png\" \/>\n<meta name=\"author\" content=\"Brice\" \/>\n<meta name=\"twitter:card\" content=\"summary_large_image\" \/>\n<meta name=\"twitter:label1\" content=\"\u00c9crit par\" \/>\n\t<meta name=\"twitter:data1\" content=\"Brice\" \/>\n\t<meta name=\"twitter:label2\" content=\"Dur\u00e9e de lecture estim\u00e9e\" \/>\n\t<meta name=\"twitter:data2\" content=\"3 minutes\" \/>\n<script type=\"application\/ld+json\" class=\"yoast-schema-graph\">{\"@context\":\"https:\/\/schema.org\",\"@graph\":[{\"@type\":\"Article\",\"@id\":\"https:\/\/aurera.fr\/index.php\/2021\/08\/03\/mon-experience-projet-la-methode-in-place-upgrade\/#article\",\"isPartOf\":{\"@id\":\"https:\/\/aurera.fr\/index.php\/2021\/08\/03\/mon-experience-projet-la-methode-in-place-upgrade\/\"},\"author\":{\"name\":\"Brice\",\"@id\":\"https:\/\/aurera.fr\/#\/schema\/person\/142e9275f05b7936d0ef5a016bce5d17\"},\"headline\":\"Mon exp\u00e9rience projet : la m\u00e9thode In-Place Upgrade\",\"datePublished\":\"2021-08-03T13:14:00+00:00\",\"dateModified\":\"2021-07-13T15:18:51+00:00\",\"mainEntityOfPage\":{\"@id\":\"https:\/\/aurera.fr\/index.php\/2021\/08\/03\/mon-experience-projet-la-methode-in-place-upgrade\/\"},\"wordCount\":683,\"publisher\":{\"@id\":\"https:\/\/aurera.fr\/#organization\"},\"keywords\":[\"Parcours Professionnel\"],\"articleSection\":[\"Vie de l'Entreprise\"],\"inLanguage\":\"fr-FR\"},{\"@type\":\"WebPage\",\"@id\":\"https:\/\/aurera.fr\/index.php\/2021\/08\/03\/mon-experience-projet-la-methode-in-place-upgrade\/\",\"url\":\"https:\/\/aurera.fr\/index.php\/2021\/08\/03\/mon-experience-projet-la-methode-in-place-upgrade\/\",\"name\":\"Mon exp\u00e9rience projet : la m\u00e9thode In-Place Upgrade - Aurera\",\"isPartOf\":{\"@id\":\"https:\/\/aurera.fr\/#website\"},\"datePublished\":\"2021-08-03T13:14:00+00:00\",\"dateModified\":\"2021-07-13T15:18:51+00:00\",\"description\":\"Guillaume, Consultant Modern Workplace nous partage son exp\u00e9rience de projet avec la m\u00e9thode In-Place Upgrade.\",\"breadcrumb\":{\"@id\":\"https:\/\/aurera.fr\/index.php\/2021\/08\/03\/mon-experience-projet-la-methode-in-place-upgrade\/#breadcrumb\"},\"inLanguage\":\"fr-FR\",\"potentialAction\":[{\"@type\":\"ReadAction\",\"target\":[\"https:\/\/aurera.fr\/index.php\/2021\/08\/03\/mon-experience-projet-la-methode-in-place-upgrade\/\"]}]},{\"@type\":\"BreadcrumbList\",\"@id\":\"https:\/\/aurera.fr\/index.php\/2021\/08\/03\/mon-experience-projet-la-methode-in-place-upgrade\/#breadcrumb\",\"itemListElement\":[{\"@type\":\"ListItem\",\"position\":1,\"name\":\"Accueil\",\"item\":\"https:\/\/aurera.fr\/\"},{\"@type\":\"ListItem\",\"position\":2,\"name\":\"Mon exp\u00e9rience projet : la m\u00e9thode In-Place Upgrade\"}]},{\"@type\":\"WebSite\",\"@id\":\"https:\/\/aurera.fr\/#website\",\"url\":\"https:\/\/aurera.fr\/\",\"name\":\"Aurera\",\"description\":\"Consulting, Business, Innovation\",\"publisher\":{\"@id\":\"https:\/\/aurera.fr\/#organization\"},\"potentialAction\":[{\"@type\":\"SearchAction\",\"target\":{\"@type\":\"EntryPoint\",\"urlTemplate\":\"https:\/\/aurera.fr\/?s={search_term_string}\"},\"query-input\":\"required name=search_term_string\"}],\"inLanguage\":\"fr-FR\"},{\"@type\":\"Organization\",\"@id\":\"https:\/\/aurera.fr\/#organization\",\"name\":\"Aurera\",\"url\":\"https:\/\/aurera.fr\/\",\"logo\":{\"@type\":\"ImageObject\",\"inLanguage\":\"fr-FR\",\"@id\":\"https:\/\/aurera.fr\/#\/schema\/logo\/image\/\",\"url\":\"https:\/\/aurera.fr\/wp-content\/uploads\/2021\/03\/LOGO-AURERA-RVB-White-e1615817748297.png\",\"contentUrl\":\"https:\/\/aurera.fr\/wp-content\/uploads\/2021\/03\/LOGO-AURERA-RVB-White-e1615817748297.png\",\"width\":170,\"height\":55,\"caption\":\"Aurera\"},\"image\":{\"@id\":\"https:\/\/aurera.fr\/#\/schema\/logo\/image\/\"},\"sameAs\":[\"https:\/\/www.linkedin.com\/company\/entreprise-aurera\"]},{\"@type\":\"Person\",\"@id\":\"https:\/\/aurera.fr\/#\/schema\/person\/142e9275f05b7936d0ef5a016bce5d17\",\"name\":\"Brice\",\"image\":{\"@type\":\"ImageObject\",\"inLanguage\":\"fr-FR\",\"@id\":\"https:\/\/aurera.fr\/#\/schema\/person\/image\/\",\"url\":\"https:\/\/aurera.fr\/wp-content\/wphb-cache\/gravatar\/944\/9446f61d73361c76996a43480d726375x96.jpg\",\"contentUrl\":\"https:\/\/aurera.fr\/wp-content\/wphb-cache\/gravatar\/944\/9446f61d73361c76996a43480d726375x96.jpg\",\"caption\":\"Brice\"},\"url\":\"https:\/\/aurera.fr\/index.php\/author\/brice\/\"}]}<\/script>\n<!-- \/ Yoast SEO plugin. -->","yoast_head_json":{"title":"Mon exp\u00e9rience projet : la m\u00e9thode In-Place Upgrade - Aurera","description":"Guillaume, Consultant Modern Workplace nous partage son exp\u00e9rience de projet avec la m\u00e9thode In-Place Upgrade.","robots":{"index":"index","follow":"follow","max-snippet":"max-snippet:-1","max-image-preview":"max-image-preview:large","max-video-preview":"max-video-preview:-1"},"canonical":"https:\/\/aurera.fr\/index.php\/2021\/08\/03\/mon-experience-projet-la-methode-in-place-upgrade\/","og_locale":"fr_FR","og_type":"article","og_title":"Mon exp\u00e9rience projet : la m\u00e9thode In-Place Upgrade - Aurera","og_description":"Guillaume, Consultant Modern Workplace nous partage son exp\u00e9rience de projet avec la m\u00e9thode In-Place Upgrade.","og_url":"https:\/\/aurera.fr\/index.php\/2021\/08\/03\/mon-experience-projet-la-methode-in-place-upgrade\/","og_site_name":"Aurera","article_published_time":"2021-08-03T13:14:00+00:00","article_modified_time":"2021-07-13T15:18:51+00:00","og_image":[{"width":1024,"height":683,"url":"https:\/\/aurera.fr\/wp-content\/uploads\/2021\/07\/21-08-03-Mon-experience-projet-la-methode-In-Place-Upgrade-1024x683.png","type":"image\/png"}],"author":"Brice","twitter_card":"summary_large_image","twitter_misc":{"\u00c9crit par":"Brice","Dur\u00e9e de lecture estim\u00e9e":"3 minutes"},"schema":{"@context":"https:\/\/schema.org","@graph":[{"@type":"Article","@id":"https:\/\/aurera.fr\/index.php\/2021\/08\/03\/mon-experience-projet-la-methode-in-place-upgrade\/#article","isPartOf":{"@id":"https:\/\/aurera.fr\/index.php\/2021\/08\/03\/mon-experience-projet-la-methode-in-place-upgrade\/"},"author":{"name":"Brice","@id":"https:\/\/aurera.fr\/#\/schema\/person\/142e9275f05b7936d0ef5a016bce5d17"},"headline":"Mon exp\u00e9rience projet : la m\u00e9thode In-Place Upgrade","datePublished":"2021-08-03T13:14:00+00:00","dateModified":"2021-07-13T15:18:51+00:00","mainEntityOfPage":{"@id":"https:\/\/aurera.fr\/index.php\/2021\/08\/03\/mon-experience-projet-la-methode-in-place-upgrade\/"},"wordCount":683,"publisher":{"@id":"https:\/\/aurera.fr\/#organization"},"keywords":["Parcours Professionnel"],"articleSection":["Vie de l'Entreprise"],"inLanguage":"fr-FR"},{"@type":"WebPage","@id":"https:\/\/aurera.fr\/index.php\/2021\/08\/03\/mon-experience-projet-la-methode-in-place-upgrade\/","url":"https:\/\/aurera.fr\/index.php\/2021\/08\/03\/mon-experience-projet-la-methode-in-place-upgrade\/","name":"Mon exp\u00e9rience projet : la m\u00e9thode In-Place Upgrade - Aurera","isPartOf":{"@id":"https:\/\/aurera.fr\/#website"},"datePublished":"2021-08-03T13:14:00+00:00","dateModified":"2021-07-13T15:18:51+00:00","description":"Guillaume, Consultant Modern Workplace nous partage son exp\u00e9rience de projet avec la m\u00e9thode In-Place Upgrade.","breadcrumb":{"@id":"https:\/\/aurera.fr\/index.php\/2021\/08\/03\/mon-experience-projet-la-methode-in-place-upgrade\/#breadcrumb"},"inLanguage":"fr-FR","potentialAction":[{"@type":"ReadAction","target":["https:\/\/aurera.fr\/index.php\/2021\/08\/03\/mon-experience-projet-la-methode-in-place-upgrade\/"]}]},{"@type":"BreadcrumbList","@id":"https:\/\/aurera.fr\/index.php\/2021\/08\/03\/mon-experience-projet-la-methode-in-place-upgrade\/#breadcrumb","itemListElement":[{"@type":"ListItem","position":1,"name":"Accueil","item":"https:\/\/aurera.fr\/"},{"@type":"ListItem","position":2,"name":"Mon exp\u00e9rience projet : la m\u00e9thode In-Place Upgrade"}]},{"@type":"WebSite","@id":"https:\/\/aurera.fr\/#website","url":"https:\/\/aurera.fr\/","name":"Aurera","description":"Consulting, Business, Innovation","publisher":{"@id":"https:\/\/aurera.fr\/#organization"},"potentialAction":[{"@type":"SearchAction","target":{"@type":"EntryPoint","urlTemplate":"https:\/\/aurera.fr\/?s={search_term_string}"},"query-input":"required name=search_term_string"}],"inLanguage":"fr-FR"},{"@type":"Organization","@id":"https:\/\/aurera.fr\/#organization","name":"Aurera","url":"https:\/\/aurera.fr\/","logo":{"@type":"ImageObject","inLanguage":"fr-FR","@id":"https:\/\/aurera.fr\/#\/schema\/logo\/image\/","url":"https:\/\/aurera.fr\/wp-content\/uploads\/2021\/03\/LOGO-AURERA-RVB-White-e1615817748297.png","contentUrl":"https:\/\/aurera.fr\/wp-content\/uploads\/2021\/03\/LOGO-AURERA-RVB-White-e1615817748297.png","width":170,"height":55,"caption":"Aurera"},"image":{"@id":"https:\/\/aurera.fr\/#\/schema\/logo\/image\/"},"sameAs":["https:\/\/www.linkedin.com\/company\/entreprise-aurera"]},{"@type":"Person","@id":"https:\/\/aurera.fr\/#\/schema\/person\/142e9275f05b7936d0ef5a016bce5d17","name":"Brice","image":{"@type":"ImageObject","inLanguage":"fr-FR","@id":"https:\/\/aurera.fr\/#\/schema\/person\/image\/","url":"https:\/\/aurera.fr\/wp-content\/wphb-cache\/gravatar\/944\/9446f61d73361c76996a43480d726375x96.jpg","contentUrl":"https:\/\/aurera.fr\/wp-content\/wphb-cache\/gravatar\/944\/9446f61d73361c76996a43480d726375x96.jpg","caption":"Brice"},"url":"https:\/\/aurera.fr\/index.php\/author\/brice\/"}]}},"_links":{"self":[{"href":"https:\/\/aurera.fr\/index.php\/wp-json\/wp\/v2\/posts\/3875"}],"collection":[{"href":"https:\/\/aurera.fr\/index.php\/wp-json\/wp\/v2\/posts"}],"about":[{"href":"https:\/\/aurera.fr\/index.php\/wp-json\/wp\/v2\/types\/post"}],"author":[{"embeddable":true,"href":"https:\/\/aurera.fr\/index.php\/wp-json\/wp\/v2\/users\/9"}],"replies":[{"embeddable":true,"href":"https:\/\/aurera.fr\/index.php\/wp-json\/wp\/v2\/comments?post=3875"}],"version-history":[{"count":0,"href":"https:\/\/aurera.fr\/index.php\/wp-json\/wp\/v2\/posts\/3875\/revisions"}],"wp:featuredmedia":[{"embeddable":true,"href":"https:\/\/aurera.fr\/index.php\/wp-json\/wp\/v2\/media\/3894"}],"wp:attachment":[{"href":"https:\/\/aurera.fr\/index.php\/wp-json\/wp\/v2\/media?parent=3875"}],"wp:term":[{"taxonomy":"category","embeddable":true,"href":"https:\/\/aurera.fr\/index.php\/wp-json\/wp\/v2\/categories?post=3875"},{"taxonomy":"post_tag","embeddable":true,"href":"https:\/\/aurera.fr\/index.php\/wp-json\/wp\/v2\/tags?post=3875"}],"curies":[{"name":"wp","href":"https:\/\/api.w.org\/{rel}","templated":true}]}}